{"id":8225,"__str__":"Mensagem n\u00ba 1 de 2019","link_detail_backend":"/materia/8225","metadata":{},"numero":1,"ano":2019,"numero_protocolo":null,"data_apresentacao":"2019-02-06","tipo_apresentacao":"","data_publicacao":null,"numero_origem_externa":"1","ano_origem_externa":2019,"data_origem_externa":"2019-02-06","apelido":"","dias_prazo":null,"data_fim_prazo":null,"em_tramitacao":true,"polemica":false,"objeto":"","complementar":false,"ementa":"Submeto a essa Augusta Assembleia Legislativa, por interm\u00e9dio de Vossa Excel\u00eancia, para fins de aprecia\u00e7\u00e3o \u00eb aprova\u00e7\u00e3o, atendidos os dispositivos que disciplinam o processo legislativo, a indica\u00e7\u00e3o do nome de MAYARA CRISTINE BANDEIRA DE LIMA, para ocupar o cargo de Presidente da Ag\u00eancia Reguladora dos Servi\u00e7os P\u00fablicos do Estado do Acre, consoante prev\u00ea o art. 50, \u00a720 da Lei Complementar n\u00b0 278, de 14 de janeiro de 2014.","indexacao":"","observacao":"","resultado":"","texto_original":"http://sapl.al.ac.leg.br/media/sapl/public/materialegislativa/2019/8225/mens.gov.__n-1.386.pdf","data_ultima_atualizacao":"2019-10-22T13:43:07.831869-03:00","ip":"201.73.245.18","ultima_edicao":null,"tipo":14,"regime_tramitacao":1,"tipo_origem_externa":14,"local_origem_externa":1,"user":84,"anexadas":[],"autores":[38]}