{"id":7791,"__str__":"Projeto de Lei n\u00ba 102 de 2019","link_detail_backend":"/materia/7791","metadata":{},"numero":102,"ano":2019,"numero_protocolo":null,"data_apresentacao":"2019-09-11","tipo_apresentacao":"","data_publicacao":null,"numero_origem_externa":"102","ano_origem_externa":2019,"data_origem_externa":"2019-09-11","apelido":"","dias_prazo":null,"data_fim_prazo":null,"em_tramitacao":true,"polemica":false,"objeto":"","complementar":false,"ementa":"\"Disp\u00f5e sobre a obrigatoriedade da comunica\u00e7\u00e3o formal e pessoal para exonera\u00e7\u00e3o dos cargos da administra\u00e7\u00e3o direta e indireta, de livre nomea\u00e7\u00e3o e exonera\u00e7\u00e3o do Governador e d\u00e1 outras provid\u00eancias.\"","indexacao":"","observacao":"","resultado":"","texto_original":"http://sapl.al.ac.leg.br/media/sapl/public/materialegislativa/2019/7791/pl-n-102-fagner_calegario.pdf","data_ultima_atualizacao":"2023-09-04T12:06:36.382241-03:00","ip":"201.73.245.18","ultima_edicao":null,"tipo":1,"regime_tramitacao":1,"tipo_origem_externa":1,"local_origem_externa":3,"user":84,"anexadas":[],"autores":[116]}