{"id":7715,"__str__":"Projeto de Lei n\u00ba 98 de 2019","link_detail_backend":"/materia/7715","metadata":{},"numero":98,"ano":2019,"numero_protocolo":null,"data_apresentacao":"2019-09-05","tipo_apresentacao":"","data_publicacao":null,"numero_origem_externa":"98","ano_origem_externa":2019,"data_origem_externa":"2019-09-05","apelido":"","dias_prazo":null,"data_fim_prazo":null,"em_tramitacao":true,"polemica":false,"objeto":"","complementar":false,"ementa":"Disp\u00f5e sobre a inclus\u00e3o como tema transversal \"Conscientiza\u00e7\u00e3o do Uso e Abuso de Drogas L\u00edcitas e Il\u00edcitas\", no curr\u00edculo do estabelecimento do ensino\r\nfundamental e m\u00e9dio das escolas da rede p\u00fablica e privada do Estado do Acre.","indexacao":"","observacao":"","resultado":"","texto_original":"http://sapl.al.ac.leg.br/media/sapl/public/materialegislativa/2019/7715/pl-n-98-wagner_felipe.pdf","data_ultima_atualizacao":"2023-09-04T11:48:30.695496-03:00","ip":"201.73.245.18","ultima_edicao":null,"tipo":1,"regime_tramitacao":1,"tipo_origem_externa":1,"local_origem_externa":3,"user":85,"anexadas":[],"autores":[123]}