{"id":7698,"__str__":"Indica\u00e7\u00e3o n\u00ba 756 de 2019","link_detail_backend":"/materia/7698","metadata":{},"numero":756,"ano":2019,"numero_protocolo":null,"data_apresentacao":"2019-08-20","tipo_apresentacao":"","data_publicacao":null,"numero_origem_externa":"756","ano_origem_externa":2019,"data_origem_externa":null,"apelido":"","dias_prazo":null,"data_fim_prazo":null,"em_tramitacao":true,"polemica":false,"objeto":"","complementar":false,"ementa":"Indico a Mesa Diretora da Assembleia Legislativa do Estado do Acre, com fulcro no artigo 169, do Regimento Interno da Assembleia Legislativa, que seja encaminhado ao Governo do Estado do Acre, para que a Secretaria de Estado de Sa\u00fade do Acre - SESACRE contrate, em car\u00e1ter de urg\u00eancia, 02 (dois) m\u00e9dicos para o Munic\u00edpio de Feij\u00f3, tendo em vista a necessidade existente no munic\u00edpio.","indexacao":"","observacao":"","resultado":"","texto_original":"http://sapl.al.ac.leg.br/media/sapl/public/materialegislativa/2019/7698/ind-n-756-jenilson.pdf","data_ultima_atualizacao":"2023-10-09T11:40:17.210709-03:00","ip":"201.73.245.18","ultima_edicao":null,"tipo":8,"regime_tramitacao":1,"tipo_origem_externa":8,"local_origem_externa":3,"user":85,"anexadas":[],"autores":[101]}