{"id":7243,"__str__":"Requerimento n\u00ba 80 de 2019","link_detail_backend":"/materia/7243","metadata":{},"numero":80,"ano":2019,"numero_protocolo":null,"data_apresentacao":"2019-07-11","tipo_apresentacao":"","data_publicacao":"2019-07-11","numero_origem_externa":"80","ano_origem_externa":2019,"data_origem_externa":"2019-07-11","apelido":"","dias_prazo":null,"data_fim_prazo":null,"em_tramitacao":false,"polemica":false,"objeto":"","complementar":false,"ementa":"Requeiro \u00e0 mesa diretora da Assembleia Legislativa do Estado do Acre, conforme artigos 174 e 180, inciso IV, ambos do Regimento Interno desta casa.\r\nLegislativa Resolu\u00e7\u00e3o n\u00b0 86/90, a convoca\u00e7\u00e3o de Sess\u00e3o Solene para o dia 10 de outubro de 2019, para homenagear o Dia Mundial da Sa\u00fade Mental, que se comemora na data solicitada.","indexacao":"","observacao":"","resultado":"","texto_original":"http://sapl.al.ac.leg.br/media/sapl/public/materialegislativa/2019/7243/req-n-80-jose_bestene.pdf","data_ultima_atualizacao":"2023-09-28T12:35:12.794666-03:00","ip":"201.73.245.18","ultima_edicao":null,"tipo":3,"regime_tramitacao":2,"tipo_origem_externa":3,"local_origem_externa":3,"user":84,"anexadas":[],"autores":[11]}