{"id":7040,"__str__":"Requerimento n\u00ba 67 de 2019","link_detail_backend":"/materia/7040","metadata":{},"numero":67,"ano":2019,"numero_protocolo":null,"data_apresentacao":"2019-06-05","tipo_apresentacao":"E","data_publicacao":null,"numero_origem_externa":"","ano_origem_externa":2019,"data_origem_externa":null,"apelido":"","dias_prazo":null,"data_fim_prazo":null,"em_tramitacao":false,"polemica":false,"objeto":"","complementar":false,"ementa":"Requeremos, nos termos da Resolu\u00e7\u00e3o n. 224, de 2015, que estabelece normas permanentes e transit\u00f3rias sobre a cria\u00e7\u00e3o de Frentes Parlamentares \u00e0 Mesa Diretora da Assembleia Legislativa do Estado do Acre, o registro da Frente Parlamentar em Defesa dos Direitos da Crian\u00e7a e do Adolescente, associa\u00e7\u00e3o pol\u00edtica, suprapartid\u00e1ria constitu\u00edda por representantes e membros do Poder Legislativo, destinada a promover a discuss\u00e3o de pol\u00edticas p\u00fablicas para o Estado, relativamente a determinado e especifico tema, movimento ou atividade.","indexacao":"","observacao":"","resultado":"","texto_original":"http://sapl.al.ac.leg.br/media/sapl/public/materialegislativa/2019/7040/req-n-67-juliana.pdf","data_ultima_atualizacao":"2023-09-29T11:57:26.201778-03:00","ip":"201.73.245.18","ultima_edicao":null,"tipo":3,"regime_tramitacao":1,"tipo_origem_externa":3,"local_origem_externa":3,"user":85,"anexadas":[],"autores":[102]}