{"id":7004,"__str__":"Requerimento n\u00ba 58 de 2019","link_detail_backend":"/materia/7004","metadata":{},"numero":58,"ano":2019,"numero_protocolo":null,"data_apresentacao":"2019-05-28","tipo_apresentacao":"","data_publicacao":null,"numero_origem_externa":"58","ano_origem_externa":2019,"data_origem_externa":"2019-05-28","apelido":"","dias_prazo":null,"data_fim_prazo":null,"em_tramitacao":false,"polemica":false,"objeto":"","complementar":false,"ementa":"requeiro \u00e0 Mesa Diretora, na forma disposta nos arts. 174 e 180, inciso IV, ambos da Resolu\u00e7\u00e3o n\u00b0 86/1990 - Regimento Interno da Assembleia Legislativa do Estado do Acre, a realiza\u00e7\u00e3o de Sess\u00e3o Solene alusiva aos 103 da Pol\u00edcia Militar do Estado do Acre, que se comemora em 25 de maio, a ser realizada no dia 30 de maio de 2019.","indexacao":"","observacao":"","resultado":"","texto_original":"http://sapl.al.ac.leg.br/media/sapl/public/materialegislativa/2019/7004/req-n-58-cadmiel.pdf","data_ultima_atualizacao":"2023-09-29T11:28:30.356597-03:00","ip":"201.73.245.18","ultima_edicao":"2023-09-28T13:43:08.494615-03:00","tipo":3,"regime_tramitacao":1,"tipo_origem_externa":3,"local_origem_externa":3,"user":85,"anexadas":[],"autores":[112]}