{"id":7001,"__str__":"Requerimento n\u00ba 55 de 2019","link_detail_backend":"/materia/7001","metadata":{},"numero":55,"ano":2019,"numero_protocolo":null,"data_apresentacao":"2019-05-28","tipo_apresentacao":"","data_publicacao":null,"numero_origem_externa":"55","ano_origem_externa":2019,"data_origem_externa":null,"apelido":"","dias_prazo":null,"data_fim_prazo":null,"em_tramitacao":false,"polemica":false,"objeto":"","complementar":false,"ementa":"Requeiro \u00e0 Mesa Diretora, na forma disposta nos arts. 174 e 180, inciso IV, ambos da Resolu\u00e7\u00e3o n\u00b0 86/1990 - Regimento Interno da Assembleia Legislativa do Estado do Acre (ALEAC), a realiza\u00e7\u00e3o de Sess\u00e3o Solene em homenagem aos 120 anos de funda\u00e7\u00e3o do Estado Independente do Acre por\r\nLuis Galvez de Arias, e ao relan\u00e7amento e oblitera\u00e7\u00e3o do Selo Comemorativo de alus\u00e3o aos120 anos de funda\u00e7\u00e3o do Estado Independente a ser realizada no dia 11 de julho de 2019.","indexacao":"","observacao":"","resultado":"","texto_original":"http://sapl.al.ac.leg.br/media/sapl/public/materialegislativa/2019/7001/req-n-55-daniel.pdf","data_ultima_atualizacao":"2023-09-28T13:18:06.964592-03:00","ip":"","ultima_edicao":null,"tipo":3,"regime_tramitacao":1,"tipo_origem_externa":3,"local_origem_externa":null,"user":null,"anexadas":[],"autores":[89]}