{"id":6439,"__str__":"Requerimento n\u00ba 110 de 2017","link_detail_backend":"/materia/6439","metadata":{},"numero":110,"ano":2017,"numero_protocolo":null,"data_apresentacao":"2017-11-22","tipo_apresentacao":"","data_publicacao":null,"numero_origem_externa":"","ano_origem_externa":null,"data_origem_externa":null,"apelido":"","dias_prazo":null,"data_fim_prazo":null,"em_tramitacao":false,"polemica":null,"objeto":"","complementar":null,"ementa":"REQUEIRO \u00c0 MESA DIRETORA DA ASSEMBS LEGISLATIVA DO ESTADO DO ACRE, O DESARQUIVAMENTO\r\nDOS PROJETOS DE LEI DE N\u00b0 20/2014; 21/2014 E 22)2014 DE AUTORIA DO EX-DEPUTADO ESTADUAL EDUARDO FARIAS, QUE FORAM APROVADOS PELO PLENARIO E ENVIADO PARA SAN\u00c7\u00c3O GOVERNAMENTAL, NO ENTANTO,N\u00c3O FORAM SANCIONADOS. OS REFERIDOS PROJETOS VERSAM RESPE CTIVAMENTE SOBRE: \"DECLARA DE UTILIDADE P\u00daBLICA A ASSOCIA\u00c7\u00c3O DOS DEFICIENTES VISUAIS-ADEVI\" \"DECLARA DE UTILIDADE P\u00daBLICA A ASSOCIA\u00c7\u00c3O BRASILEIRA DE ALZHEIMER\" E \"DECLARA DE UTILIDADE P\u00daBLICA A CASA DE APOIO \u00c0 SA\u00daDE DO SERINGUEIRO-CASS\".","indexacao":"","observacao":"","resultado":"","texto_original":"http://sapl.al.ac.leg.br/media/sapl/public/materialegislativa/2017/6439/6439_texto_integral.pdf","data_ultima_atualizacao":"2018-10-15T12:34:23.962814-03:00","ip":"","ultima_edicao":null,"tipo":3,"regime_tramitacao":1,"tipo_origem_externa":null,"local_origem_externa":null,"user":null,"anexadas":[],"autores":[91]}