{"id":3198,"__str__":"Indica\u00e7\u00e3o n\u00ba 217 de 2012","link_detail_backend":"/materia/3198","metadata":{},"numero":217,"ano":2012,"numero_protocolo":null,"data_apresentacao":"2012-08-07","tipo_apresentacao":"","data_publicacao":null,"numero_origem_externa":"","ano_origem_externa":null,"data_origem_externa":null,"apelido":"","dias_prazo":null,"data_fim_prazo":null,"em_tramitacao":true,"polemica":null,"objeto":"","complementar":null,"ementa":"O DEPUTADO QUE A ESTA SUBSCREVE, EM CONSON\u00c2NCIA COM O ALI. 169 DO\r\nREGIMENTO LNTEMO DA ALEAC, SOLICITA \u00c0 MESA DIRETORA ENCAMINHAR EXPEDIENTE AO\r\nEXCELENT\u00cdSSIMO SENHOR GOVEMADOR SEBASTI\u00c3O VIANA, A PRESENTE INDICA\u00c7\u00c3O DO PROJETO DE\r\nLEI QUE \"CRIA A DELEGADA DE DEFESA DO CONSUMIDOR - DECON\".","indexacao":"","observacao":"","resultado":"","texto_original":"http://sapl.al.ac.leg.br/media/sapl/public/materialegislativa/2012/3198/3198_texto_integral.pdf","data_ultima_atualizacao":"2018-10-15T12:34:30.783031-03:00","ip":"","ultima_edicao":null,"tipo":8,"regime_tramitacao":1,"tipo_origem_externa":null,"local_origem_externa":null,"user":null,"anexadas":[],"autores":[64]}