{"id":16860,"__str__":"Requerimento n\u00ba 6 de 2025","link_detail_backend":"/materia/16860","metadata":{},"numero":6,"ano":2025,"numero_protocolo":null,"data_apresentacao":"2025-02-12","tipo_apresentacao":"E","data_publicacao":null,"numero_origem_externa":"","ano_origem_externa":null,"data_origem_externa":null,"apelido":"","dias_prazo":null,"data_fim_prazo":null,"em_tramitacao":true,"polemica":false,"objeto":"","complementar":false,"ementa":"REQUEIRO \u00e0 Mesa Diretora da Assembleia Legislativa do Estado, na forma disposta do art. 280 da Resolu\u00e7\u00e3o n\u00b0 86/1990 - Regimento Interno da Assembleia Legislativa do Estado do Acre, a realiza\u00e7\u00e3o de uma Audi\u00eancia P\u00fablica, no \u00e2mbito da Comiss\u00e3o de Sa\u00fade, no dia 27 de fevereiro de 2025 (Quinta-Feira) \u00e0s 9h, com objetivo de debater sobre a \"Aten\u00e7\u00e3o a sa\u00fade ind\u00edgena no \u00e2mbito do Estado\"","indexacao":"","observacao":"","resultado":"","texto_original":"http://sapl.al.ac.leg.br/media/sapl/public/materialegislativa/2025/16860/req-n-06-adailton_cruz.pdf","data_ultima_atualizacao":"2025-03-13T10:36:20.919002-03:00","ip":"201.73.245.18","ultima_edicao":"2025-03-13T10:32:30.473802-03:00","tipo":3,"regime_tramitacao":1,"tipo_origem_externa":null,"local_origem_externa":null,"user":110,"anexadas":[],"autores":[146]}