{"id":15212,"__str__":"Indica\u00e7\u00e3o n\u00ba 697 de 2023","link_detail_backend":"/materia/15212","metadata":{},"numero":697,"ano":2023,"numero_protocolo":null,"data_apresentacao":"2023-11-29","tipo_apresentacao":"","data_publicacao":null,"numero_origem_externa":"","ano_origem_externa":null,"data_origem_externa":null,"apelido":"","dias_prazo":null,"data_fim_prazo":null,"em_tramitacao":true,"polemica":false,"objeto":"","complementar":false,"ementa":"AFONSO FERNANDES, Deputado com assento nesta Casa Legislativa. REQUER: na forma regimental, que depois de ouvido o Plen\u00e1rio, seja encaminhado of\u00edcio ao Excelent\u00edssimo Senhor Governador do Estado do Acre, GLADSON CAMELI e ao Secret\u00e1rio de Estado de Sa\u00fade do Acre, Senhor PEDRO PASCOAL, para que a SESACRE possa incluir na agenda de servi\u00e7os do Programa Sa\u00fade Itinerante, atendimento m\u00e9dico especializado no PA PIRA DE R\u00c3, no munic\u00edpio de Senador Guiomard.","indexacao":"","observacao":"","resultado":"","texto_original":"http://sapl.al.ac.leg.br/media/sapl/public/materialegislativa/2023/15212/ind-n-697-afonso_fernandes.pdf","data_ultima_atualizacao":"2023-12-11T12:31:39.529032-03:00","ip":"201.73.245.18","ultima_edicao":"2023-12-11T12:28:42.120644-03:00","tipo":8,"regime_tramitacao":1,"tipo_origem_externa":null,"local_origem_externa":null,"user":84,"anexadas":[],"autores":[147]}