{"id":6841,"__str__":"Autoria: FAGNER CALEG\u00c1RIO - Indica\u00e7\u00e3o n\u00ba 253 de 2019","link_detail_backend":"/materia/autoria/6841","metadata":{},"primeiro_autor":true,"autor":116,"materia":7131}