{"id":1,"__str__":"\"Aten\u00e7\u00e3o a sa\u00fade ind\u00edgena no \u00e2mbito do Estado\"","link_detail_backend":"/audiencia/1","metadata":{},"numero":1,"ano":2025,"nome":"\"Aten\u00e7\u00e3o a sa\u00fade ind\u00edgena no \u00e2mbito do Estado\"","tema":"\"Aten\u00e7\u00e3o a sa\u00fade ind\u00edgena no \u00e2mbito do Estado\"","data":"2025-02-27","hora_inicio":"10:00","hora_fim":"13:48","observacao":"","audiencia_cancelada":false,"url_audio":"","url_video":"https://www.youtube.com/watch?v=l9A00nnPgDE","upload_pauta":null,"upload_ata":null,"upload_anexo":"http://sapl.al.ac.leg.br/media/sapl/public/audienciapublica/1/anexo/req-n-06-adailton_cruz.pdf","materia":16860,"tipo":1,"parlamentar_autor":248,"requerimento":16860}